{"id":1343,"date":"2018-12-11T15:05:16","date_gmt":"2018-12-11T13:05:16","guid":{"rendered":"http:\/\/mapiedra-abogados.es\/wp\/?p=1343"},"modified":"2018-12-11T15:05:16","modified_gmt":"2018-12-11T13:05:16","slug":"regulacion-del-regimen-del-comercio-derechos-emision-gases-efecto-invernadero","status":"publish","type":"post","link":"http:\/\/mapiedra-abogados.es\/wp\/2018\/12\/11\/regulacion-del-regimen-del-comercio-derechos-emision-gases-efecto-invernadero\/","title":{"rendered":"Regulaci\u00f3n del r\u00e9gimen del comercio de derechos de emisi\u00f3n de gases de efecto invernadero."},"content":{"rendered":"<p>El r\u00e9gimen jur\u00eddico de la evaluaci\u00f3n ambiental estrat\u00e9gica de los planes y programas y de la evaluaci\u00f3n de impacto ambiental de los proyectos qued\u00f3 establecido con car\u00e1cter unitario en la Ley 21\/2013, de 9 de diciembre, de evaluaci\u00f3n ambiental, que integr\u00f3 en una sola norma la Ley 9\/2006, de 28 de abril, sobre evaluaci\u00f3n de los efectos de determinados planes y programas en el medio ambiente, y el texto refundido de la Ley de Evaluaci\u00f3n de Impacto Ambiental de proyectos, aprobado por el Real Decreto Legislativo 1\/2008, de 11 de enero.<\/p>\n<p><!--more--><\/p>\n<p>La Ley 21\/2013, de 9 de diciembre, recoge en una \u00fanica norma las leyes que incorporaron al ordenamiento jur\u00eddico espa\u00f1ol dos directivas comunitarias: la Directiva 2011\/92\/UE del Parlamento Europeo y del Consejo, de 13 de diciembre de 2011, relativa a la evaluaci\u00f3n de las repercusiones de determinados proyectos p\u00fablicos y privados sobre el medio ambiente \u2013\u00abdirectiva sobre evaluaci\u00f3n de impacto ambiental\u00bb\u2013 y la Directiva 2001\/42\/CE del Parlamento Europeo y del Consejo, de 27 de junio de 2001, relativa a la evaluaci\u00f3n de los efectos de determinados planes y programas en el medio ambiente.<\/p>\n<p><a href=\"https:\/\/www.boe.es\/boe\/dias\/2018\/12\/06\/pdfs\/BOE-A-2018-16674.pdf\" target=\"_blank\" rel=\"noopener\">Enlace.<\/a><\/p>\n","protected":false},"excerpt":{"rendered":"<p>El r\u00e9gimen jur\u00eddico de la evaluaci\u00f3n ambiental estrat\u00e9gica de los planes y programas y de la evaluaci\u00f3n de impacto ambiental de los proyectos qued\u00f3 establecido con car\u00e1cter unitario en la Ley 21\/2013, de 9 de diciembre, de evaluaci\u00f3n ambiental, que integr\u00f3 en una sola norma la Ley 9\/2006, de 28 de abril, sobre evaluaci\u00f3n de [&hellip;]<\/p>\n","protected":false},"author":3,"featured_media":1345,"comment_status":"closed","ping_status":"closed","sticky":false,"template":"","format":"standard","meta":[],"categories":[19,35,39],"tags":[],"_links":{"self":[{"href":"http:\/\/mapiedra-abogados.es\/wp\/wp-json\/wp\/v2\/posts\/1343"}],"collection":[{"href":"http:\/\/mapiedra-abogados.es\/wp\/wp-json\/wp\/v2\/posts"}],"about":[{"href":"http:\/\/mapiedra-abogados.es\/wp\/wp-json\/wp\/v2\/types\/post"}],"author":[{"embeddable":true,"href":"http:\/\/mapiedra-abogados.es\/wp\/wp-json\/wp\/v2\/users\/3"}],"replies":[{"embeddable":true,"href":"http:\/\/mapiedra-abogados.es\/wp\/wp-json\/wp\/v2\/comments?post=1343"}],"version-history":[{"count":1,"href":"http:\/\/mapiedra-abogados.es\/wp\/wp-json\/wp\/v2\/posts\/1343\/revisions"}],"predecessor-version":[{"id":1346,"href":"http:\/\/mapiedra-abogados.es\/wp\/wp-json\/wp\/v2\/posts\/1343\/revisions\/1346"}],"wp:featuredmedia":[{"embeddable":true,"href":"http:\/\/mapiedra-abogados.es\/wp\/wp-json\/wp\/v2\/media\/1345"}],"wp:attachment":[{"href":"http:\/\/mapiedra-abogados.es\/wp\/wp-json\/wp\/v2\/media?parent=1343"}],"wp:term":[{"taxonomy":"category","embeddable":true,"href":"http:\/\/mapiedra-abogados.es\/wp\/wp-json\/wp\/v2\/categories?post=1343"},{"taxonomy":"post_tag","embeddable":true,"href":"http:\/\/mapiedra-abogados.es\/wp\/wp-json\/wp\/v2\/tags?post=1343"}],"curies":[{"name":"wp","href":"https:\/\/api.w.org\/{rel}","templated":true}]}}