{"id":352,"date":"2011-11-17T17:08:29","date_gmt":"2011-11-17T15:08:29","guid":{"rendered":"http:\/\/mapiedra-abogados.es\/wp\/2011\/11\/17\/regulacion-laboral-de-caracter-especial-del-servicio-del-hogar-familiar\/"},"modified":"2011-11-17T17:08:29","modified_gmt":"2011-11-17T15:08:29","slug":"regulacion-laboral-de-caracter-especial-del-servicio-del-hogar-familiar","status":"publish","type":"post","link":"http:\/\/mapiedra-abogados.es\/wp\/2011\/11\/17\/regulacion-laboral-de-caracter-especial-del-servicio-del-hogar-familiar\/","title":{"rendered":"Regulaci\u00f3n laboral de car\u00e1cter especial del servicio del hogar familiar"},"content":{"rendered":"<p>Se ha publicado en el B.O.E, el Real Decreto 1620\/2011, de 14 de noviembre, por el que se regula la relaci\u00f3n laboral de car\u00e1cter especial del servicio del hogar familiar.<\/p>\n<p>Para m\u00e1s informaci\u00f3n, visite la secci\u00f3n normativas.<\/p>\n","protected":false},"excerpt":{"rendered":"<p>Se ha publicado en el B.O.E, el Real Decreto 1620\/2011, de 14 de noviembre, por el que se regula la relaci\u00f3n laboral de car\u00e1cter especial del servicio del hogar familiar. Para m\u00e1s informaci\u00f3n, visite la secci\u00f3n normativas.<\/p>\n","protected":false},"author":3,"featured_media":0,"comment_status":"open","ping_status":"open","sticky":false,"template":"","format":"standard","meta":[],"categories":[37],"tags":[],"_links":{"self":[{"href":"http:\/\/mapiedra-abogados.es\/wp\/wp-json\/wp\/v2\/posts\/352"}],"collection":[{"href":"http:\/\/mapiedra-abogados.es\/wp\/wp-json\/wp\/v2\/posts"}],"about":[{"href":"http:\/\/mapiedra-abogados.es\/wp\/wp-json\/wp\/v2\/types\/post"}],"author":[{"embeddable":true,"href":"http:\/\/mapiedra-abogados.es\/wp\/wp-json\/wp\/v2\/users\/3"}],"replies":[{"embeddable":true,"href":"http:\/\/mapiedra-abogados.es\/wp\/wp-json\/wp\/v2\/comments?post=352"}],"version-history":[{"count":0,"href":"http:\/\/mapiedra-abogados.es\/wp\/wp-json\/wp\/v2\/posts\/352\/revisions"}],"wp:attachment":[{"href":"http:\/\/mapiedra-abogados.es\/wp\/wp-json\/wp\/v2\/media?parent=352"}],"wp:term":[{"taxonomy":"category","embeddable":true,"href":"http:\/\/mapiedra-abogados.es\/wp\/wp-json\/wp\/v2\/categories?post=352"},{"taxonomy":"post_tag","embeddable":true,"href":"http:\/\/mapiedra-abogados.es\/wp\/wp-json\/wp\/v2\/tags?post=352"}],"curies":[{"name":"wp","href":"https:\/\/api.w.org\/{rel}","templated":true}]}}