{"id":378,"date":"2012-02-08T16:42:34","date_gmt":"2012-02-08T14:42:34","guid":{"rendered":"http:\/\/mapiedra-abogados.es\/wp\/2012\/02\/08\/normas-legales-de-cotizacion-a-la-seguridad-social\/"},"modified":"2012-02-08T16:42:34","modified_gmt":"2012-02-08T14:42:34","slug":"normas-legales-de-cotizacion-a-la-seguridad-social","status":"publish","type":"post","link":"http:\/\/mapiedra-abogados.es\/wp\/2012\/02\/08\/normas-legales-de-cotizacion-a-la-seguridad-social\/","title":{"rendered":"Normas legales de cotizaci\u00f3n a la Seguridad Social&#8230;"},"content":{"rendered":"<p>Se ha publicado en el B.O.E., la Orden ESS\/184\/2012, de 2 de febrero, por la que se desarrollan las normas legales de cotizaci\u00f3n a la Seguridad Social, desempleo, protecci\u00f3n por cese de actividad, Fondo de Garant\u00eda Salarial y formaci\u00f3n profesional para el ejercicio 2012.<\/p>\n<p>Para m\u00e1s informaci\u00f3n, visite la secci\u00f3n normativas.<\/p>\n","protected":false},"excerpt":{"rendered":"<p>Se ha publicado en el B.O.E., la Orden ESS\/184\/2012, de 2 de febrero, por la que se desarrollan las normas legales de cotizaci\u00f3n a la Seguridad Social, desempleo, protecci\u00f3n por cese de actividad, Fondo de Garant\u00eda Salarial y formaci\u00f3n profesional para el ejercicio 2012. Para m\u00e1s informaci\u00f3n, visite la secci\u00f3n normativas.<\/p>\n","protected":false},"author":3,"featured_media":0,"comment_status":"open","ping_status":"open","sticky":false,"template":"","format":"standard","meta":[],"categories":[37],"tags":[],"_links":{"self":[{"href":"http:\/\/mapiedra-abogados.es\/wp\/wp-json\/wp\/v2\/posts\/378"}],"collection":[{"href":"http:\/\/mapiedra-abogados.es\/wp\/wp-json\/wp\/v2\/posts"}],"about":[{"href":"http:\/\/mapiedra-abogados.es\/wp\/wp-json\/wp\/v2\/types\/post"}],"author":[{"embeddable":true,"href":"http:\/\/mapiedra-abogados.es\/wp\/wp-json\/wp\/v2\/users\/3"}],"replies":[{"embeddable":true,"href":"http:\/\/mapiedra-abogados.es\/wp\/wp-json\/wp\/v2\/comments?post=378"}],"version-history":[{"count":0,"href":"http:\/\/mapiedra-abogados.es\/wp\/wp-json\/wp\/v2\/posts\/378\/revisions"}],"wp:attachment":[{"href":"http:\/\/mapiedra-abogados.es\/wp\/wp-json\/wp\/v2\/media?parent=378"}],"wp:term":[{"taxonomy":"category","embeddable":true,"href":"http:\/\/mapiedra-abogados.es\/wp\/wp-json\/wp\/v2\/categories?post=378"},{"taxonomy":"post_tag","embeddable":true,"href":"http:\/\/mapiedra-abogados.es\/wp\/wp-json\/wp\/v2\/tags?post=378"}],"curies":[{"name":"wp","href":"https:\/\/api.w.org\/{rel}","templated":true}]}}