{"id":381,"date":"2012-02-20T17:02:38","date_gmt":"2012-02-20T15:02:38","guid":{"rendered":"http:\/\/mapiedra-abogados.es\/wp\/2012\/02\/20\/servicio-publico-de-empleo-estatal-participacion-en-el-programa-de-recualificacion-profesional-de-las-personas-que-agoten-su-proteccion-por-desempleo\/"},"modified":"2012-02-20T17:02:38","modified_gmt":"2012-02-20T15:02:38","slug":"servicio-publico-de-empleo-estatal-participacion-en-el-programa-de-recualificacion-profesional-de-las-personas-que-agoten-su-proteccion-por-desempleo","status":"publish","type":"post","link":"http:\/\/mapiedra-abogados.es\/wp\/2012\/02\/20\/servicio-publico-de-empleo-estatal-participacion-en-el-programa-de-recualificacion-profesional-de-las-personas-que-agoten-su-proteccion-por-desempleo\/","title":{"rendered":"Servicio P\u00fablico de Empleo Estatal. Participaci\u00f3n en el programa de recualificaci\u00f3n profesional de las personas que agoten su protecci\u00f3n por desempleo"},"content":{"rendered":"<p>Se ha publicado en el B.O.E., la Resoluci\u00f3n de 15 de febrero de 2012, del Servicio P\u00fablico de Empleo Estatal, por la que se determina la forma y plazos de presentaci\u00f3n de solicitudes y de tramitaci\u00f3n para la concesi\u00f3n de ayudas econ\u00f3micas de acompa\u00f1amiento por la participaci\u00f3n en el programa de recualificaci\u00f3n profesional de las personas que agoten su protecci\u00f3n por desempleo, establecidas en el Real Decreto-ley 1\/2011, de 11 de febrero.<\/p>\n<p>Para m\u00e1s informaci\u00f3n, visite la secci\u00f3n normativas.<\/p>\n","protected":false},"excerpt":{"rendered":"<p>Se ha publicado en el B.O.E., la Resoluci\u00f3n de 15 de febrero de 2012, del Servicio P\u00fablico de Empleo Estatal, por la que se determina la forma y plazos de presentaci\u00f3n de solicitudes y de tramitaci\u00f3n para la concesi\u00f3n de ayudas econ\u00f3micas de acompa\u00f1amiento por la participaci\u00f3n en el programa de recualificaci\u00f3n profesional de las [&hellip;]<\/p>\n","protected":false},"author":3,"featured_media":0,"comment_status":"open","ping_status":"open","sticky":false,"template":"","format":"standard","meta":[],"categories":[37],"tags":[],"_links":{"self":[{"href":"http:\/\/mapiedra-abogados.es\/wp\/wp-json\/wp\/v2\/posts\/381"}],"collection":[{"href":"http:\/\/mapiedra-abogados.es\/wp\/wp-json\/wp\/v2\/posts"}],"about":[{"href":"http:\/\/mapiedra-abogados.es\/wp\/wp-json\/wp\/v2\/types\/post"}],"author":[{"embeddable":true,"href":"http:\/\/mapiedra-abogados.es\/wp\/wp-json\/wp\/v2\/users\/3"}],"replies":[{"embeddable":true,"href":"http:\/\/mapiedra-abogados.es\/wp\/wp-json\/wp\/v2\/comments?post=381"}],"version-history":[{"count":0,"href":"http:\/\/mapiedra-abogados.es\/wp\/wp-json\/wp\/v2\/posts\/381\/revisions"}],"wp:attachment":[{"href":"http:\/\/mapiedra-abogados.es\/wp\/wp-json\/wp\/v2\/media?parent=381"}],"wp:term":[{"taxonomy":"category","embeddable":true,"href":"http:\/\/mapiedra-abogados.es\/wp\/wp-json\/wp\/v2\/categories?post=381"},{"taxonomy":"post_tag","embeddable":true,"href":"http:\/\/mapiedra-abogados.es\/wp\/wp-json\/wp\/v2\/tags?post=381"}],"curies":[{"name":"wp","href":"https:\/\/api.w.org\/{rel}","templated":true}]}}