{"id":680,"date":"2014-03-01T00:00:00","date_gmt":"2014-02-28T22:00:00","guid":{"rendered":"http:\/\/mapiedra-abogados.es\/wp\/2014\/03\/01\/demarcacion-hidrografica-del-ebro\/"},"modified":"2014-03-01T00:00:00","modified_gmt":"2014-02-28T22:00:00","slug":"demarcacion-hidrografica-del-ebro","status":"publish","type":"post","link":"http:\/\/mapiedra-abogados.es\/wp\/2014\/03\/01\/demarcacion-hidrografica-del-ebro\/","title":{"rendered":"Demarcaci\u00f3n Hidrogr\u00e1fica del Ebro"},"content":{"rendered":"<p>Real Decreto 129\/2014, de 28 de febrero, por el que se aprueba el Plan Hidrol\u00f3gico de la parte espa\u00f1ola de la Demarcaci\u00f3n Hidrogr\u00e1fica del Ebro.<\/p>\n<p><a href=\"http:\/\/www.boe.es\/boe\/dias\/2014\/03\/01\/pdfs\/BOE-A-2014-2223.pdf\" target=\"_blank\" title=\"pulse en el enlace\">Enlace<\/a>.<\/p>\n","protected":false},"excerpt":{"rendered":"<p>Real Decreto 129\/2014, de 28 de febrero, por el que se aprueba el Plan Hidrol\u00f3gico de la parte espa\u00f1ola de la Demarcaci\u00f3n Hidrogr\u00e1fica del Ebro. Enlace.<\/p>\n","protected":false},"author":3,"featured_media":0,"comment_status":"open","ping_status":"open","sticky":false,"template":"","format":"standard","meta":[],"categories":[37],"tags":[],"_links":{"self":[{"href":"http:\/\/mapiedra-abogados.es\/wp\/wp-json\/wp\/v2\/posts\/680"}],"collection":[{"href":"http:\/\/mapiedra-abogados.es\/wp\/wp-json\/wp\/v2\/posts"}],"about":[{"href":"http:\/\/mapiedra-abogados.es\/wp\/wp-json\/wp\/v2\/types\/post"}],"author":[{"embeddable":true,"href":"http:\/\/mapiedra-abogados.es\/wp\/wp-json\/wp\/v2\/users\/3"}],"replies":[{"embeddable":true,"href":"http:\/\/mapiedra-abogados.es\/wp\/wp-json\/wp\/v2\/comments?post=680"}],"version-history":[{"count":0,"href":"http:\/\/mapiedra-abogados.es\/wp\/wp-json\/wp\/v2\/posts\/680\/revisions"}],"wp:attachment":[{"href":"http:\/\/mapiedra-abogados.es\/wp\/wp-json\/wp\/v2\/media?parent=680"}],"wp:term":[{"taxonomy":"category","embeddable":true,"href":"http:\/\/mapiedra-abogados.es\/wp\/wp-json\/wp\/v2\/categories?post=680"},{"taxonomy":"post_tag","embeddable":true,"href":"http:\/\/mapiedra-abogados.es\/wp\/wp-json\/wp\/v2\/tags?post=680"}],"curies":[{"name":"wp","href":"https:\/\/api.w.org\/{rel}","templated":true}]}}