{"id":873,"date":"2015-01-30T00:00:00","date_gmt":"2015-01-29T22:00:00","guid":{"rendered":"http:\/\/mapiedra-abogados.es\/wp\/2015\/01\/30\/ratificacion-del-tercer-protocolo-adicional-al-convenio-europeo-de-extradicion\/"},"modified":"2015-01-30T00:00:00","modified_gmt":"2015-01-29T22:00:00","slug":"ratificacion-del-tercer-protocolo-adicional-al-convenio-europeo-de-extradicion","status":"publish","type":"post","link":"http:\/\/mapiedra-abogados.es\/wp\/2015\/01\/30\/ratificacion-del-tercer-protocolo-adicional-al-convenio-europeo-de-extradicion\/","title":{"rendered":"Ratificaci\u00f3n del Tercer Protocolo Adicional al Convenio europeo de extradici\u00f3n"},"content":{"rendered":"<p>Instrumento de Ratificaci\u00f3n del Tercer Protocolo Adicional al Convenio europeo de extradici\u00f3n, hecho en Estrasburgo el 10 de noviembre de 2010.<\/p>\n<p><a href=\"https:\/\/www.boe.es\/boe\/dias\/2015\/01\/30\/pdfs\/BOE-A-2015-792.pdf\" target=\"_blank\" title=\"pulse en el enlace\">Enlace<\/a>.<\/p>\n","protected":false},"excerpt":{"rendered":"<p>Instrumento de Ratificaci\u00f3n del Tercer Protocolo Adicional al Convenio europeo de extradici\u00f3n, hecho en Estrasburgo el 10 de noviembre de 2010. Enlace.<\/p>\n","protected":false},"author":3,"featured_media":0,"comment_status":"open","ping_status":"open","sticky":false,"template":"","format":"standard","meta":[],"categories":[37],"tags":[],"_links":{"self":[{"href":"http:\/\/mapiedra-abogados.es\/wp\/wp-json\/wp\/v2\/posts\/873"}],"collection":[{"href":"http:\/\/mapiedra-abogados.es\/wp\/wp-json\/wp\/v2\/posts"}],"about":[{"href":"http:\/\/mapiedra-abogados.es\/wp\/wp-json\/wp\/v2\/types\/post"}],"author":[{"embeddable":true,"href":"http:\/\/mapiedra-abogados.es\/wp\/wp-json\/wp\/v2\/users\/3"}],"replies":[{"embeddable":true,"href":"http:\/\/mapiedra-abogados.es\/wp\/wp-json\/wp\/v2\/comments?post=873"}],"version-history":[{"count":0,"href":"http:\/\/mapiedra-abogados.es\/wp\/wp-json\/wp\/v2\/posts\/873\/revisions"}],"wp:attachment":[{"href":"http:\/\/mapiedra-abogados.es\/wp\/wp-json\/wp\/v2\/media?parent=873"}],"wp:term":[{"taxonomy":"category","embeddable":true,"href":"http:\/\/mapiedra-abogados.es\/wp\/wp-json\/wp\/v2\/categories?post=873"},{"taxonomy":"post_tag","embeddable":true,"href":"http:\/\/mapiedra-abogados.es\/wp\/wp-json\/wp\/v2\/tags?post=873"}],"curies":[{"name":"wp","href":"https:\/\/api.w.org\/{rel}","templated":true}]}}